{"id":38691,"date":"2024-01-31T11:05:20","date_gmt":"2024-01-31T10:05:20","guid":{"rendered":"https:\/\/shezamme.com\/?p=38691"},"modified":"2024-01-31T11:05:20","modified_gmt":"2024-01-31T10:05:20","slug":"the-north-face-jackets-jak-nosic-w-miejskim-stylu","status":"publish","type":"post","link":"https:\/\/shezamme.com\/en\/blog\/the-north-face-jackets-jak-nosic-w-miejskim-stylu\/","title":{"rendered":"The North Face Jackets &#8211; jak nosi\u0107 w miejskim stylu"},"content":{"rendered":"<h3><strong>Jak nosi\u0107 kurtki The North Face w miejskim stylu?<\/strong><\/h3>\n<p>The North Face, znana z produkcji odzie\u017cy i sprz\u0119tu outdoorowego, zyska\u0142a r\u00f3wnie\u017c popularno\u015b\u0107 w miejskim stylu dzi\u0119ki swoim funkcjonalnym, a zarazem stylowym kurtkom. Oto jak mo\u017cesz nosi\u0107 kurtki The North Face, aby wygl\u0105da\u0107 modnie i czu\u0107 si\u0119 komfortowo w miejskim zgie\u0142ku.<\/p>\n<p><strong>Historia marki The North Face<\/strong><\/p>\n<p>Za\u0142o\u017cona w 1966 roku, The North Face pocz\u0105tkowo skupia\u0142a si\u0119 na sprz\u0119cie dla alpinist\u00f3w. Z czasem rozszerzy\u0142a swoj\u0105 ofert\u0119 o odzie\u017c outdoorow\u0105, staj\u0105c si\u0119 synonimem wysokiej jako\u015bci i wytrzyma\u0142o\u015bci. Ich produkty, zaprojektowane z my\u015bl\u0105 o ekstremalnych warunkach, idealnie wpisuj\u0105 si\u0119 w potrzeby miejskiego \u017cycia, oferuj\u0105c ochron\u0119 przed zmienn\u0105 pogod\u0105 przy jednoczesnym zachowaniu miejskiego stylu.<\/p>\n<p><strong>Jak nosi\u0107 kurtki The North Face w miejskim stylu<\/strong><\/p>\n<p>Kluczem do noszenia kurtki The North Face w miejskim stylu jest po\u0142\u0105czenie jej z codziennymi elementami garderoby. Kurtka puchowa mo\u017ce by\u0107 zestawiona z jeansami i trampkami dla casualowego looku, natomiast bardziej techniczne modele \u015bwietnie komponuj\u0105 si\u0119 z eleganckimi spodniami i botkami. Nie zapomnij o akcesoriach, takich jak czapki beanie czy plecaki, kt\u00f3re dope\u0142ni\u0105 miejski look.<\/p>\n<p><strong>Gdzie kupi\u0107 kurtki The North Face<\/strong><\/p>\n<p>Kurtki The North Face mo\u017cna znale\u017a\u0107 w sklepie <strong><a href=\"https:\/\/shezamme.com\/en\/cat-2\/jackets\/the-north-face-jackets\/\">Shezamme.com<\/a><\/strong><\/p>\n<p><strong>FAQ<\/strong><\/p>\n<ol>\n<li>Czy kurtki The North Face s\u0105 odpowiednie na ka\u017cd\u0105 pogod\u0119? Kurtki The North Face s\u0105 zaprojektowane z my\u015bl\u0105 o r\u00f3\u017cnorodnych warunkach pogodowych, oferuj\u0105c modele zar\u00f3wno na ch\u0142odne, jak i na cieplejsze dni.<\/li>\n<li>Jak dba\u0107 o kurtki The North Face, aby s\u0142u\u017cy\u0142y przez lata? Nale\u017cy przestrzega\u0107 instrukcji prania podanych na metce produktu, zazwyczaj zaleca si\u0119 pranie w niskiej temperaturze i suszenie w pozycji poziomej.<\/li>\n<li>Czy The North Face produkuje kurtki w stylu miejskim? Tak, The North Face oferuje kurtki zaprojektowane specjalnie z my\u015bl\u0105 o miejskim stylu, \u0142\u0105cz\u0105c funkcjonalno\u015b\u0107 z nowoczesnym designem.<\/li>\n<li>Czy kurtki The North Face s\u0105 ekologiczne? Marka zobowi\u0105za\u0142a si\u0119 do zr\u00f3wnowa\u017conego rozwoju, oferuj\u0105c produkty wykonane z recyklingu i ekologicznych materia\u0142\u00f3w.<\/li>\n<li>Gdzie mog\u0119 znale\u017a\u0107 stylizacje z kurtkami The North Face? Inspiracje mo\u017cna znale\u017a\u0107 w mediach spo\u0142eczno\u015bciowych, na blogach modowych oraz na oficjalnej stronie The North Face.<\/li>\n<li>Czy kurtki The North Face s\u0105 dost\u0119pne w r\u00f3\u017cnych rozmiarach? Tak, kurtki dost\u0119pne s\u0105 w szerokiej gamie rozmiar\u00f3w, pasuj\u0105cych na r\u00f3\u017cne typy sylwetek.<\/li>\n<\/ol>\n<p><strong>Podsumowanie<\/strong><\/p>\n<p>Kurtki The North Face \u0142\u0105cz\u0105 w sobie funkcjonalno\u015b\u0107 i miejski styl, oferuj\u0105c doskona\u0142\u0105 ochron\u0119 przed zmiennymi warunkami pogodowymi przy jednoczesnym zachowaniu modnego wygl\u0105du. Dzi\u0119ki szerokiej ofercie produkt\u00f3w, ka\u017cdy znajdzie model odpowiadaj\u0105cy swoim potrzebom, zar\u00f3wno pod wzgl\u0119dem estetycznym, jak i funkcjonalnym. Pami\u0119taj\u0105c o odpowiedniej piel\u0119gnacji, Twoja kurtka The North Face mo\u017ce s\u0142u\u017cy\u0107 Ci przez lata, b\u0119d\u0105c niezast\u0105pionym elementem miejskiej garderoby. Bez wzgl\u0119du na to, czy potrzebujesz kurtki na zimowe ch\u0142ody, czy lekkiej ochrony na wiosenne dni, The North Face oferuje rozwi\u0105zania, kt\u00f3re \u0142\u0105cz\u0105 w sobie komfort, wytrzyma\u0142o\u015b\u0107 i styl.<\/p>","protected":false},"excerpt":{"rendered":"<p>Jak nosi\u0107 kurtki The North Face w miejskim stylu? The North Face, znana z produkcji odzie\u017cy i sprz\u0119tu outdoorowego, zyska\u0142a r\u00f3wnie\u017c popularno\u015b\u0107 w miejskim stylu dzi\u0119ki swoim funkcjonalnym, a zarazem stylowym kurtkom. Oto jak mo\u017cesz nosi\u0107 kurtki The North Face, aby wygl\u0105da\u0107 modnie i czu\u0107 si\u0119 komfortowo w miejskim zgie\u0142ku. Historia marki The North Face &hellip;<\/p>","protected":false},"author":6265,"featured_media":38692,"comment_status":"open","ping_status":"closed","sticky":false,"template":"","format":"standard","meta":{"_acf_changed":false,"_yoast_wpseo_focuskw":"The North Face Jackets","_yoast_wpseo_title":"","_yoast_wpseo_metadesc":"Odkryj, jak stylowo nosi\u0107 kurtki The North Face w miejskim stylu. Porady, inspiracje oraz odpowiedzi na najcz\u0119\u015bciej zadawane pytania o kultowe kurtki outdoorowe idealne na ka\u017cd\u0105 pogod\u0119.","footnotes":""},"categories":[1],"tags":[],"class_list":["post-38691","post","type-post","status-publish","format-standard","has-post-thumbnail","hentry","category-wszystkie-wpisy"],"acf":[],"yoast_head":"<!-- This site is optimized with the Yoast SEO plugin v27.4 - https:\/\/yoast.com\/product\/yoast-seo-wordpress\/ -->\n<title>The North Face Jackets - jak nosi\u0107 w miejskim stylu - SHEZAMME<\/title>\n<meta name=\"description\" content=\"Odkryj, jak stylowo nosi\u0107 kurtki The North Face w miejskim stylu. Porady, inspiracje oraz odpowiedzi na najcz\u0119\u015bciej zadawane pytania o kultowe kurtki outdoorowe idealne na ka\u017cd\u0105 pogod\u0119.\" \/>\n<meta name=\"robots\" content=\"index, follow, max-snippet:-1, max-image-preview:large, max-video-preview:-1\" \/>\n<link rel=\"canonical\" href=\"https:\/\/shezamme.com\/en\/blog\/the-north-face-jackets-jak-nosic-w-miejskim-stylu\/\" \/>\n<meta property=\"og:locale\" content=\"en_US\" \/>\n<meta property=\"og:type\" content=\"article\" \/>\n<meta property=\"og:title\" content=\"The North Face Jackets - jak nosi\u0107 w miejskim stylu - SHEZAMME\" \/>\n<meta property=\"og:description\" content=\"Odkryj, jak stylowo nosi\u0107 kurtki The North Face w miejskim stylu. Porady, inspiracje oraz odpowiedzi na najcz\u0119\u015bciej zadawane pytania o kultowe kurtki outdoorowe idealne na ka\u017cd\u0105 pogod\u0119.\" \/>\n<meta property=\"og:url\" content=\"https:\/\/shezamme.com\/en\/blog\/the-north-face-jackets-jak-nosic-w-miejskim-stylu\/\" \/>\n<meta property=\"og:site_name\" content=\"SHEZAMME - Yeezy, Jordan, Supreme i inne oryginalne rzeczy\" \/>\n<meta property=\"article:publisher\" content=\"https:\/\/www.facebook.com\/SHEZAMME\/\" \/>\n<meta property=\"article:published_time\" content=\"2024-01-31T10:05:20+00:00\" \/>\n<meta property=\"og:image\" content=\"https:\/\/shezamme.com\/wp-content\/uploads\/2024\/01\/z28995951AMPKurtki-The-North-Face-sa-praktyczne-i-modne.jpg\" \/>\n\t<meta property=\"og:image:width\" content=\"1200\" \/>\n\t<meta property=\"og:image:height\" content=\"800\" \/>\n\t<meta property=\"og:image:type\" content=\"image\/jpeg\" \/>\n<meta name=\"author\" content=\"Bartosz Turkanik\" \/>\n<meta name=\"twitter:card\" content=\"summary_large_image\" \/>\n<meta name=\"twitter:creator\" content=\"@SHEZAMME\" \/>\n<meta name=\"twitter:site\" content=\"@SHEZAMME\" \/>\n<meta name=\"twitter:label1\" content=\"Written by\" \/>\n\t<meta name=\"twitter:data1\" content=\"Bartosz Turkanik\" \/>\n\t<meta name=\"twitter:label2\" content=\"Est. reading time\" \/>\n\t<meta name=\"twitter:data2\" content=\"3 minutes\" \/>\n<script type=\"application\/ld+json\" class=\"yoast-schema-graph\">{\"@context\":\"https:\\\/\\\/schema.org\",\"@graph\":[{\"@type\":\"Article\",\"@id\":\"https:\\\/\\\/shezamme.com\\\/en\\\/blog\\\/the-north-face-jackets-jak-nosic-w-miejskim-stylu\\\/#article\",\"isPartOf\":{\"@id\":\"https:\\\/\\\/shezamme.com\\\/en\\\/blog\\\/the-north-face-jackets-jak-nosic-w-miejskim-stylu\\\/\"},\"author\":{\"name\":\"Bartosz Turkanik\",\"@id\":\"https:\\\/\\\/shezamme.com\\\/#\\\/schema\\\/person\\\/d632794bbb801ac5feb0d8d130579c53\"},\"headline\":\"The North Face Jackets &#8211; jak nosi\u0107 w miejskim stylu\",\"datePublished\":\"2024-01-31T10:05:20+00:00\",\"mainEntityOfPage\":{\"@id\":\"https:\\\/\\\/shezamme.com\\\/en\\\/blog\\\/the-north-face-jackets-jak-nosic-w-miejskim-stylu\\\/\"},\"wordCount\":522,\"commentCount\":0,\"publisher\":{\"@id\":\"https:\\\/\\\/shezamme.com\\\/#organization\"},\"image\":{\"@id\":\"https:\\\/\\\/shezamme.com\\\/en\\\/blog\\\/the-north-face-jackets-jak-nosic-w-miejskim-stylu\\\/#primaryimage\"},\"thumbnailUrl\":\"https:\\\/\\\/shezamme.com\\\/wp-content\\\/uploads\\\/2024\\\/01\\\/z28995951AMPKurtki-The-North-Face-sa-praktyczne-i-modne.jpg\",\"articleSection\":[\"Wszystkie wpisy\"],\"inLanguage\":\"en-US\",\"potentialAction\":[{\"@type\":\"CommentAction\",\"name\":\"Comment\",\"target\":[\"https:\\\/\\\/shezamme.com\\\/en\\\/blog\\\/the-north-face-jackets-jak-nosic-w-miejskim-stylu\\\/#respond\"]}]},{\"@type\":\"WebPage\",\"@id\":\"https:\\\/\\\/shezamme.com\\\/en\\\/blog\\\/the-north-face-jackets-jak-nosic-w-miejskim-stylu\\\/\",\"url\":\"https:\\\/\\\/shezamme.com\\\/en\\\/blog\\\/the-north-face-jackets-jak-nosic-w-miejskim-stylu\\\/\",\"name\":\"The North Face Jackets - jak nosi\u0107 w miejskim stylu - SHEZAMME\",\"isPartOf\":{\"@id\":\"https:\\\/\\\/shezamme.com\\\/#website\"},\"primaryImageOfPage\":{\"@id\":\"https:\\\/\\\/shezamme.com\\\/en\\\/blog\\\/the-north-face-jackets-jak-nosic-w-miejskim-stylu\\\/#primaryimage\"},\"image\":{\"@id\":\"https:\\\/\\\/shezamme.com\\\/en\\\/blog\\\/the-north-face-jackets-jak-nosic-w-miejskim-stylu\\\/#primaryimage\"},\"thumbnailUrl\":\"https:\\\/\\\/shezamme.com\\\/wp-content\\\/uploads\\\/2024\\\/01\\\/z28995951AMPKurtki-The-North-Face-sa-praktyczne-i-modne.jpg\",\"datePublished\":\"2024-01-31T10:05:20+00:00\",\"description\":\"Odkryj, jak stylowo nosi\u0107 kurtki The North Face w miejskim stylu. Porady, inspiracje oraz odpowiedzi na najcz\u0119\u015bciej zadawane pytania o kultowe kurtki outdoorowe idealne na ka\u017cd\u0105 pogod\u0119.\",\"breadcrumb\":{\"@id\":\"https:\\\/\\\/shezamme.com\\\/en\\\/blog\\\/the-north-face-jackets-jak-nosic-w-miejskim-stylu\\\/#breadcrumb\"},\"inLanguage\":\"en-US\",\"potentialAction\":[{\"@type\":\"ReadAction\",\"target\":[\"https:\\\/\\\/shezamme.com\\\/en\\\/blog\\\/the-north-face-jackets-jak-nosic-w-miejskim-stylu\\\/\"]}]},{\"@type\":\"ImageObject\",\"inLanguage\":\"en-US\",\"@id\":\"https:\\\/\\\/shezamme.com\\\/en\\\/blog\\\/the-north-face-jackets-jak-nosic-w-miejskim-stylu\\\/#primaryimage\",\"url\":\"https:\\\/\\\/shezamme.com\\\/wp-content\\\/uploads\\\/2024\\\/01\\\/z28995951AMPKurtki-The-North-Face-sa-praktyczne-i-modne.jpg\",\"contentUrl\":\"https:\\\/\\\/shezamme.com\\\/wp-content\\\/uploads\\\/2024\\\/01\\\/z28995951AMPKurtki-The-North-Face-sa-praktyczne-i-modne.jpg\",\"width\":1200,\"height\":800,\"caption\":\"The North Face Jackets - jak nosi\u0107 w miejskim stylu\"},{\"@type\":\"BreadcrumbList\",\"@id\":\"https:\\\/\\\/shezamme.com\\\/en\\\/blog\\\/the-north-face-jackets-jak-nosic-w-miejskim-stylu\\\/#breadcrumb\",\"itemListElement\":[{\"@type\":\"ListItem\",\"position\":1,\"name\":\"Strona g\u0142\u00f3wna\",\"item\":\"https:\\\/\\\/shezamme.com\\\/\"},{\"@type\":\"ListItem\",\"position\":2,\"name\":\"The North Face Jackets &#8211; jak nosi\u0107 w miejskim stylu\"}]},{\"@type\":\"WebSite\",\"@id\":\"https:\\\/\\\/shezamme.com\\\/#website\",\"url\":\"https:\\\/\\\/shezamme.com\\\/\",\"name\":\"SHEZAMME - Sneakersy, Streetwear i luksusowe marki\",\"description\":\"Oryginalne i ekskluzywne przedmioty w jednym miejscu. Sprawd\u017a nasze produkty ju\u017c teraz i b\u0105d\u017a na bie\u017c\u0105co z wszystkimi premierami.\",\"publisher\":{\"@id\":\"https:\\\/\\\/shezamme.com\\\/#organization\"},\"potentialAction\":[{\"@type\":\"SearchAction\",\"target\":{\"@type\":\"EntryPoint\",\"urlTemplate\":\"https:\\\/\\\/shezamme.com\\\/?s={search_term_string}\"},\"query-input\":{\"@type\":\"PropertyValueSpecification\",\"valueRequired\":true,\"valueName\":\"search_term_string\"}}],\"inLanguage\":\"en-US\"},{\"@type\":\"Organization\",\"@id\":\"https:\\\/\\\/shezamme.com\\\/#organization\",\"name\":\"SHEZAMME - Sneakersy, Streetwear i luksusowe marki\",\"url\":\"https:\\\/\\\/shezamme.com\\\/\",\"logo\":{\"@type\":\"ImageObject\",\"inLanguage\":\"en-US\",\"@id\":\"https:\\\/\\\/shezamme.com\\\/#\\\/schema\\\/logo\\\/image\\\/\",\"url\":\"https:\\\/\\\/shezamme.com\\\/wp-content\\\/uploads\\\/2023\\\/02\\\/0x0.png\",\"contentUrl\":\"https:\\\/\\\/shezamme.com\\\/wp-content\\\/uploads\\\/2023\\\/02\\\/0x0.png\",\"width\":2000,\"height\":2000,\"caption\":\"SHEZAMME - Sneakersy, Streetwear i luksusowe marki\"},\"image\":{\"@id\":\"https:\\\/\\\/shezamme.com\\\/#\\\/schema\\\/logo\\\/image\\\/\"},\"sameAs\":[\"https:\\\/\\\/www.facebook.com\\\/SHEZAMME\\\/\",\"https:\\\/\\\/x.com\\\/SHEZAMME\",\"https:\\\/\\\/www.instagram.com\\\/shezamme\\\/\",\"https:\\\/\\\/www.youtube.com\\\/channel\\\/UCsTJxi_9fODHdO_1bmJbqvQ\",\"https:\\\/\\\/www.tiktok.com\\\/shezamme.com\"]},{\"@type\":\"Person\",\"@id\":\"https:\\\/\\\/shezamme.com\\\/#\\\/schema\\\/person\\\/d632794bbb801ac5feb0d8d130579c53\",\"name\":\"Bartosz Turkanik\",\"url\":\"https:\\\/\\\/shezamme.com\\\/en\\\/blog\\\/author\\\/bartosz-turkanik\\\/\"}]}<\/script>\n<!-- \/ Yoast SEO plugin. -->","yoast_head_json":{"title":"The North Face Jackets - jak nosi\u0107 w miejskim stylu - SHEZAMME","description":"Odkryj, jak stylowo nosi\u0107 kurtki The North Face w miejskim stylu. Porady, inspiracje oraz odpowiedzi na najcz\u0119\u015bciej zadawane pytania o kultowe kurtki outdoorowe idealne na ka\u017cd\u0105 pogod\u0119.","robots":{"index":"index","follow":"follow","max-snippet":"max-snippet:-1","max-image-preview":"max-image-preview:large","max-video-preview":"max-video-preview:-1"},"canonical":"https:\/\/shezamme.com\/en\/blog\/the-north-face-jackets-jak-nosic-w-miejskim-stylu\/","og_locale":"en_US","og_type":"article","og_title":"The North Face Jackets - jak nosi\u0107 w miejskim stylu - SHEZAMME","og_description":"Odkryj, jak stylowo nosi\u0107 kurtki The North Face w miejskim stylu. Porady, inspiracje oraz odpowiedzi na najcz\u0119\u015bciej zadawane pytania o kultowe kurtki outdoorowe idealne na ka\u017cd\u0105 pogod\u0119.","og_url":"https:\/\/shezamme.com\/en\/blog\/the-north-face-jackets-jak-nosic-w-miejskim-stylu\/","og_site_name":"SHEZAMME - Yeezy, Jordan, Supreme i inne oryginalne rzeczy","article_publisher":"https:\/\/www.facebook.com\/SHEZAMME\/","article_published_time":"2024-01-31T10:05:20+00:00","og_image":[{"width":1200,"height":800,"url":"https:\/\/shezamme.com\/wp-content\/uploads\/2024\/01\/z28995951AMPKurtki-The-North-Face-sa-praktyczne-i-modne.jpg","type":"image\/jpeg"}],"author":"Bartosz Turkanik","twitter_card":"summary_large_image","twitter_creator":"@SHEZAMME","twitter_site":"@SHEZAMME","twitter_misc":{"Written by":"Bartosz Turkanik","Est. reading time":"3 minutes"},"schema":{"@context":"https:\/\/schema.org","@graph":[{"@type":"Article","@id":"https:\/\/shezamme.com\/en\/blog\/the-north-face-jackets-jak-nosic-w-miejskim-stylu\/#article","isPartOf":{"@id":"https:\/\/shezamme.com\/en\/blog\/the-north-face-jackets-jak-nosic-w-miejskim-stylu\/"},"author":{"name":"Bartosz Turkanik","@id":"https:\/\/shezamme.com\/#\/schema\/person\/d632794bbb801ac5feb0d8d130579c53"},"headline":"The North Face Jackets &#8211; jak nosi\u0107 w miejskim stylu","datePublished":"2024-01-31T10:05:20+00:00","mainEntityOfPage":{"@id":"https:\/\/shezamme.com\/en\/blog\/the-north-face-jackets-jak-nosic-w-miejskim-stylu\/"},"wordCount":522,"commentCount":0,"publisher":{"@id":"https:\/\/shezamme.com\/#organization"},"image":{"@id":"https:\/\/shezamme.com\/en\/blog\/the-north-face-jackets-jak-nosic-w-miejskim-stylu\/#primaryimage"},"thumbnailUrl":"https:\/\/shezamme.com\/wp-content\/uploads\/2024\/01\/z28995951AMPKurtki-The-North-Face-sa-praktyczne-i-modne.jpg","articleSection":["Wszystkie wpisy"],"inLanguage":"en-US","potentialAction":[{"@type":"CommentAction","name":"Comment","target":["https:\/\/shezamme.com\/en\/blog\/the-north-face-jackets-jak-nosic-w-miejskim-stylu\/#respond"]}]},{"@type":"WebPage","@id":"https:\/\/shezamme.com\/en\/blog\/the-north-face-jackets-jak-nosic-w-miejskim-stylu\/","url":"https:\/\/shezamme.com\/en\/blog\/the-north-face-jackets-jak-nosic-w-miejskim-stylu\/","name":"The North Face Jackets - jak nosi\u0107 w miejskim stylu - SHEZAMME","isPartOf":{"@id":"https:\/\/shezamme.com\/#website"},"primaryImageOfPage":{"@id":"https:\/\/shezamme.com\/en\/blog\/the-north-face-jackets-jak-nosic-w-miejskim-stylu\/#primaryimage"},"image":{"@id":"https:\/\/shezamme.com\/en\/blog\/the-north-face-jackets-jak-nosic-w-miejskim-stylu\/#primaryimage"},"thumbnailUrl":"https:\/\/shezamme.com\/wp-content\/uploads\/2024\/01\/z28995951AMPKurtki-The-North-Face-sa-praktyczne-i-modne.jpg","datePublished":"2024-01-31T10:05:20+00:00","description":"Odkryj, jak stylowo nosi\u0107 kurtki The North Face w miejskim stylu. Porady, inspiracje oraz odpowiedzi na najcz\u0119\u015bciej zadawane pytania o kultowe kurtki outdoorowe idealne na ka\u017cd\u0105 pogod\u0119.","breadcrumb":{"@id":"https:\/\/shezamme.com\/en\/blog\/the-north-face-jackets-jak-nosic-w-miejskim-stylu\/#breadcrumb"},"inLanguage":"en-US","potentialAction":[{"@type":"ReadAction","target":["https:\/\/shezamme.com\/en\/blog\/the-north-face-jackets-jak-nosic-w-miejskim-stylu\/"]}]},{"@type":"ImageObject","inLanguage":"en-US","@id":"https:\/\/shezamme.com\/en\/blog\/the-north-face-jackets-jak-nosic-w-miejskim-stylu\/#primaryimage","url":"https:\/\/shezamme.com\/wp-content\/uploads\/2024\/01\/z28995951AMPKurtki-The-North-Face-sa-praktyczne-i-modne.jpg","contentUrl":"https:\/\/shezamme.com\/wp-content\/uploads\/2024\/01\/z28995951AMPKurtki-The-North-Face-sa-praktyczne-i-modne.jpg","width":1200,"height":800,"caption":"The North Face Jackets - jak nosi\u0107 w miejskim stylu"},{"@type":"BreadcrumbList","@id":"https:\/\/shezamme.com\/en\/blog\/the-north-face-jackets-jak-nosic-w-miejskim-stylu\/#breadcrumb","itemListElement":[{"@type":"ListItem","position":1,"name":"Strona g\u0142\u00f3wna","item":"https:\/\/shezamme.com\/"},{"@type":"ListItem","position":2,"name":"The North Face Jackets &#8211; jak nosi\u0107 w miejskim stylu"}]},{"@type":"WebSite","@id":"https:\/\/shezamme.com\/#website","url":"https:\/\/shezamme.com\/","name":"SHEZAMME - Sneakers, Streetwear and luxury brands","description":"Original and exclusive items in one place. Check out our products now and stay up to date with all launches.","publisher":{"@id":"https:\/\/shezamme.com\/#organization"},"potentialAction":[{"@type":"SearchAction","target":{"@type":"EntryPoint","urlTemplate":"https:\/\/shezamme.com\/?s={search_term_string}"},"query-input":{"@type":"PropertyValueSpecification","valueRequired":true,"valueName":"search_term_string"}}],"inLanguage":"en-US"},{"@type":"Organization","@id":"https:\/\/shezamme.com\/#organization","name":"SHEZAMME - Sneakers, Streetwear and luxury brands","url":"https:\/\/shezamme.com\/","logo":{"@type":"ImageObject","inLanguage":"en-US","@id":"https:\/\/shezamme.com\/#\/schema\/logo\/image\/","url":"https:\/\/shezamme.com\/wp-content\/uploads\/2023\/02\/0x0.png","contentUrl":"https:\/\/shezamme.com\/wp-content\/uploads\/2023\/02\/0x0.png","width":2000,"height":2000,"caption":"SHEZAMME - Sneakersy, Streetwear i luksusowe marki"},"image":{"@id":"https:\/\/shezamme.com\/#\/schema\/logo\/image\/"},"sameAs":["https:\/\/www.facebook.com\/SHEZAMME\/","https:\/\/x.com\/SHEZAMME","https:\/\/www.instagram.com\/shezamme\/","https:\/\/www.youtube.com\/channel\/UCsTJxi_9fODHdO_1bmJbqvQ","https:\/\/www.tiktok.com\/shezamme.com"]},{"@type":"Person","@id":"https:\/\/shezamme.com\/#\/schema\/person\/d632794bbb801ac5feb0d8d130579c53","name":"Bartosz Turkanik","url":"https:\/\/shezamme.com\/en\/blog\/author\/bartosz-turkanik\/"}]}},"_links":{"self":[{"href":"https:\/\/shezamme.com\/en\/wp-json\/wp\/v2\/posts\/38691","targetHints":{"allow":["GET"]}}],"collection":[{"href":"https:\/\/shezamme.com\/en\/wp-json\/wp\/v2\/posts"}],"about":[{"href":"https:\/\/shezamme.com\/en\/wp-json\/wp\/v2\/types\/post"}],"author":[{"embeddable":true,"href":"https:\/\/shezamme.com\/en\/wp-json\/wp\/v2\/users\/6265"}],"replies":[{"embeddable":true,"href":"https:\/\/shezamme.com\/en\/wp-json\/wp\/v2\/comments?post=38691"}],"version-history":[{"count":0,"href":"https:\/\/shezamme.com\/en\/wp-json\/wp\/v2\/posts\/38691\/revisions"}],"wp:featuredmedia":[{"embeddable":true,"href":"https:\/\/shezamme.com\/en\/wp-json\/wp\/v2\/media\/38692"}],"wp:attachment":[{"href":"https:\/\/shezamme.com\/en\/wp-json\/wp\/v2\/media?parent=38691"}],"wp:term":[{"taxonomy":"category","embeddable":true,"href":"https:\/\/shezamme.com\/en\/wp-json\/wp\/v2\/categories?post=38691"},{"taxonomy":"post_tag","embeddable":true,"href":"https:\/\/shezamme.com\/en\/wp-json\/wp\/v2\/tags?post=38691"}],"curies":[{"name":"wp","href":"https:\/\/api.w.org\/{rel}","templated":true}]}}