{"id":27791,"date":"2023-05-11T11:06:59","date_gmt":"2023-05-11T09:06:59","guid":{"rendered":"https:\/\/shezamme.com\/?p=27791"},"modified":"2023-05-11T11:15:29","modified_gmt":"2023-05-11T09:15:29","slug":"jakie-kolory-beda-modne-w-2023-odkryj-najmodniejsze-odcienie-roku","status":"publish","type":"post","link":"https:\/\/shezamme.com\/en\/blog\/jakie-kolory-beda-modne-w-2023-odkryj-najmodniejsze-odcienie-roku\/","title":{"rendered":"Jakie kolory b\u0119d\u0105 modne w 2023: Odkryj najmodniejsze odcienie roku"},"content":{"rendered":"<div class=\"group w-full text-gray-800 dark:text-gray-100 border-b border-black\/10 dark:border-gray-900\/50 bg-gray-50 dark:bg-[#444654] sm:AIPRM__conversation__response\">\n<div class=\"flex p-4 gap-4 text-base md:gap-6 md:max-w-2xl lg:max-w-xl xl:max-w-3xl md:py-6 lg:px-0 m-auto\">\n<div class=\"relative flex flex-col w-[calc(100%-50px)] gap-1 md:gap-3 lg:w-[calc(100%-115px)]\">\n<div class=\"flex flex-grow flex-col gap-3\">\n<div class=\"min-h-[20px] flex flex-col items-start gap-4 whitespace-pre-wrap break-words\">\n<div class=\"markdown prose w-full break-words dark:prose-invert light AIPRM__conversation__response\">\n<p>Witamy w roku 2023, pe\u0142nym \u015bwie\u017cych trend\u00f3w, nowo\u015bci i niezwyk\u0142ych odkry\u0107 w \u015bwiecie mody. Ka\u017cdy rok przynosi ze sob\u0105 nowe kolory, kt\u00f3re dominuj\u0105 na wybiegach, w kolekcjach znanych projektant\u00f3w oraz w ubraniach i akcesoriach dost\u0119pnych w sklepach. Je\u015bli zastanawiasz si\u0119, jakie kolory b\u0119d\u0105 modne w tym roku, jeste\u015b we w\u0142a\u015bciwym miejscu. Przygotowali\u015bmy dla Ciebie przegl\u0105d najgor\u0119tszych odcieni, kt\u00f3re b\u0119d\u0105 kr\u00f3lowa\u0107 w \u015bwiecie mody w 2023 roku.<\/p>\n<h2><strong>Jakie kolory b\u0119d\u0105 modne w 2023?<\/strong><\/h2>\n<p>W roku 2023 mo\u017cemy spodziewa\u0107 si\u0119 niezwykle r\u00f3\u017cnorodnej palety kolor\u00f3w, kt\u00f3re wprowadz\u0105 \u015bwie\u017co\u015b\u0107 do naszych stylizacji. Oto najwa\u017cniejsze kolory, kt\u00f3re b\u0119d\u0105 modne w nadchodz\u0105cym roku:<\/p>\n<h3><strong>1. Koralowy odcie\u0144 &#8222;Rajska wyspa&#8221;<\/strong><\/h3>\n<p>Koralowy odcie\u0144 &#8222;Rajska wyspa&#8221; to jedna z najgor\u0119tszych propozycji na rok 2023. Przypominaj\u0105cy o ciep\u0142ych letnich dniach i egzotycznych podr\u00f3\u017cach, ten odcie\u0144 doskonale sprawdzi si\u0119 zar\u00f3wno w letnich, jak i wiosennych stylizacjach. Ciep\u0142y, intensywny kolor koralu dodaje energii i o\u017cywia ka\u017cd\u0105 kreacj\u0119.<\/p>\n<h3><strong>2. Awangardowy &#8222;Cyberfiolet&#8221;<\/strong><\/h3>\n<p>&#8222;Cyberfiolet&#8221; to niezwykle futurystyczny odcie\u0144, kt\u00f3ry z pewno\u015bci\u0105 przyci\u0105gnie uwag\u0119 mi\u0142o\u015bnik\u00f3w nowoczesnej mody. Ten g\u0142\u0119boki fiolet o metalicznym po\u0142ysku nadaje stylizacjom odwa\u017cno\u015bci i nowoczesno\u015bci. To idealny wyb\u00f3r dla os\u00f3b, kt\u00f3re chc\u0105 wyrazi\u0107 swoj\u0105 indywidualno\u015b\u0107 i wyr\u00f3\u017cni\u0107 si\u0119 z t\u0142umu.<\/p>\n<h3><strong>3. Elegancki odcie\u0144 &#8222;Morska g\u0142\u0119bia&#8221;<\/strong><\/h3>\n<p>Je\u015bli szukasz koloru, kt\u00f3ry emanuje elegancj\u0105 i tajemniczo\u015bci\u0105, to &#8222;Morska g\u0142\u0119bia&#8221; b\u0119dzie strza\u0142em w dziesi\u0105tk\u0119. Ten g\u0142\u0119boki odcie\u0144 niebieskiego nawi\u0105zuje do g\u0142\u0119bin oceanu, nadaj\u0105c stylizacjom zmys\u0142owego i luksusowego charakteru. &#8222;Morska g\u0142\u0119bia&#8221; doskonale komponuje si\u0119 z neutralnymi kolorami, takimi jak biel czy be\u017c, tworz\u0105c kontrastowe po\u0142\u0105czenia. Mo\u017cesz wykorzysta\u0107 go w postaci sukienek wieczorowych, garnitur\u00f3w czy dodatk\u00f3w, kt\u00f3re dodadz\u0105 Twoim outfitom wyj\u0105tkowego uroku.<\/p>\n<div class=\"flex-1 overflow-hidden\">\n<div class=\"react-scroll-to-bottom--css-venfj-79elbk h-full dark:bg-gray-800\">\n<div class=\"react-scroll-to-bottom--css-venfj-1n7m0yu\">\n<div class=\"flex flex-col items-center text-sm dark:bg-gray-800\">\n<div class=\"group w-full text-gray-800 dark:text-gray-100 border-b border-black\/10 dark:border-gray-900\/50 bg-gray-50 dark:bg-[#444654] sm:AIPRM__conversation__response\">\n<div class=\"flex p-4 gap-4 text-base md:gap-6 md:max-w-2xl lg:max-w-xl xl:max-w-3xl md:py-6 lg:px-0 m-auto\">\n<div class=\"relative flex flex-col w-[calc(100%-50px)] gap-1 md:gap-3 lg:w-[calc(100%-115px)]\">\n<div class=\"flex flex-grow flex-col gap-3\">\n<div class=\"min-h-[20px] flex flex-col items-start gap-4 whitespace-pre-wrap break-words\">\n<div class=\"markdown prose w-full break-words dark:prose-invert light AIPRM__conversation__response\">\n<h3><strong>4. Optymistyczny \u017c\u00f3\u0142ty &#8222;S\u0142oneczny promie\u0144&#8221;<\/strong><\/h3>\n<p>W 2023 roku \u017c\u00f3\u0142ty kolor b\u0119dzie odgrywa\u0142 istotn\u0105 rol\u0119 w \u015bwiecie mody. &#8222;S\u0142oneczny promie\u0144&#8221; to odcie\u0144 \u017c\u00f3\u0142tego, kt\u00f3ry rozpromieni ka\u017cd\u0105 stylizacj\u0119. Jest to kolor pe\u0142en energii, rado\u015bci i optymizmu. Mo\u017cesz wybra\u0107 sukienk\u0119, bluzk\u0119 czy akcesoria w tym odcieniu, aby doda\u0107 swoim outfitom \u015bwie\u017co\u015bci i pozytywnego wyd\u017awi\u0119ku.<\/p>\n<h3><strong>5. Stylowy &#8222;Klasyczny melan\u017c&#8221;<\/strong><\/h3>\n<p>W\u015br\u00f3d modnych kolor\u00f3w na rok 2023 nie mo\u017ce zabrakn\u0105\u0107 r\u00f3wnie\u017c klasycznych, stonowanych odcieni. &#8222;Klasyczny melan\u017c&#8221; to elegancki i uniwersalny kolor, kt\u00f3ry doskonale sprawdzi si\u0119 w r\u00f3\u017cnych stylizacjach. Jest to po\u0142\u0105czenie odcieni szaro\u015bci i be\u017cu, kt\u00f3re tworzy harmonijn\u0105 ca\u0142o\u015b\u0107. Mo\u017cesz nosi\u0107 go zar\u00f3wno w formie marynarek, spodni czy sukienek, tworz\u0105c ponadczasowe i modnie wygl\u0105daj\u0105ce zestawy.<\/p>\n<h3><strong>6. Radosny odcie\u0144 &#8222;Jasna mi\u0119ta&#8221;<\/strong><\/h3>\n<p>Wiosenny i \u015bwie\u017cy odcie\u0144 &#8222;Jasna mi\u0119ta&#8221; r\u00f3wnie\u017c znajduje si\u0119 w\u015br\u00f3d modnych kolor\u00f3w na rok 2023. To delikatny, pastelowy kolor, kt\u00f3ry nadaje stylizacjom lekko\u015bci i subtelno\u015bci. Mo\u017cesz wykorzysta\u0107 go w letnich sukienkach, sp\u00f3dnicach czy bluzkach, tworz\u0105c wyj\u0105tkowo kobiece i romantyczne looki. &#8222;Jasna mi\u0119ta&#8221; doskonale komponuje si\u0119 z innymi pastelami oraz neutralnymi odcieniami, takimi jak biel czy szaro\u015b\u0107.<\/p>\n<h3><strong>7. Intensywny &#8222;Malinowy rum&#8221;<\/strong><\/h3>\n<p>Je\u015bli lubisz odwa\u017cne kolory, &#8222;Malinowy rum&#8221; to propozycja stworzona dla Ciebie. Ten intensywny odcie\u0144 czerwieni przyci\u0105ga uwag\u0119 i dodaje stylizacjom zmys\u0142owo\u015bci i pewno\u015bci siebie. Mo\u017cesz wybra\u0107 sukienk\u0119, p\u0142aszcz czy spodnie w tym odcieniu i stworzy\u0107 efektowne i uwodzicielskie kombinacje. &#8222;Malinowy rum&#8221; \u015bwietnie prezentuje si\u0119 zar\u00f3wno w wieczorowych, jak i codziennych lookach.<\/p>\n<h3><strong>8. Stylowy &#8222;Kawowy akcent&#8221;<\/strong><\/h3>\n<p>&#8222;Kawowy akcent&#8221; to odcie\u0144, kt\u00f3ry nawi\u0105zuje do ciep\u0142ego br\u0105zu i jest idealny dla mi\u0142o\u015bnik\u00f3w naturalnych kolor\u00f3w. Ten elegancki odcie\u0144 doskonale wpisuje si\u0119 w jesienno-zimowych stylizacjach, dodaj\u0105c im wyrafinowanego charakteru. Mo\u017cesz nosi\u0107 swetry, p\u0142aszcze, sp\u00f3dnice czy dodatki w tym odcieniu, tworz\u0105c przytulne i modne zestawy.<\/p>\n<\/div>\n<\/div>\n<\/div>\n<div class=\"flex justify-between lg:block\">\n<div class=\"text-gray-400 flex self-end lg:self-center justify-center mt-2 gap-2 md:gap-3 lg:gap-1 lg:absolute lg:top-0 lg:translate-x-full lg:right-0 lg:mt-0 lg:pl-2 visible\">\n<h3><strong>9. Wyrazisty &#8222;Pomara\u0144czowy zapa\u0142&#8221;<\/strong><\/h3>\n<p>Pomara\u0144czowy kolor z pewno\u015bci\u0105 przyci\u0105gnie spojrzenia w roku 2023. &#8222;Pomara\u0144czowy zapa\u0142&#8221; to intensywny odcie\u0144, kt\u00f3ry dodaje energii i entuzjazmu ka\u017cdej stylizacji. Mo\u017cesz go wykorzysta\u0107 w formie sukienek, spodni czy akcent\u00f3w, aby doda\u0107 swoim outfitom wyrazisto\u015bci i charakteru.<\/p>\n<h3><strong>10. Nowoczesny &#8222;Szafirowy b\u0142ysk&#8221;<\/strong><\/h3>\n<p>&#8222;Szafirowy b\u0142ysk&#8221; to kolor, kt\u00f3ry emanuje luksusem i elegancj\u0105. Ten g\u0142\u0119boki odcie\u0144 niebieskiego dodaje stylizacjom szyku i wyrafinowania. Mo\u017cesz wybra\u0107 sukienki wieczorowe, garnitury czy dodatki w tym odcieniu, tworz\u0105c efektowne i modnie wygl\u0105daj\u0105ce zestawy.<\/p>\n<h3><strong>11. Wibruj\u0105cy &#8222;Zielony neon&#8221;<\/strong><\/h3>\n<p>Je\u015bli szukasz koloru, kt\u00f3ry przyci\u0105ga uwag\u0119 i jest pe\u0142en energii, &#8222;Zielony neon&#8221; to odpowiedni wyb\u00f3r. Ten jaskrawy odcie\u0144 zieleni nadaje stylizacjom ekspresji i \u015bwie\u017co\u015bci. Mo\u017cesz go wykorzysta\u0107 w formie bluzek, spodni czy akcent\u00f3w, aby doda\u0107 swoim outfitom wyrazisto\u015bci i odrobin\u0119 szale\u0144stwa.<\/p>\n<h3><strong>12. Subtelny &#8222;Pudrowy r\u00f3\u017c&#8221;<\/strong><\/h3>\n<p>&#8222;Pudrowy r\u00f3\u017c&#8221; to kolor, kt\u00f3ry nigdy nie wychodzi z mody. Ten delikatny odcie\u0144 r\u00f3\u017cu dodaje stylizacjom romantyzmu i subtelno\u015bci. Mo\u017cesz wybra\u0107 sukienki, bluzki czy p\u0142aszcze w tym odcieniu, tworz\u0105c kobiece i urocze looki.<\/p>\n<h3><strong>13. Ciep\u0142y &#8222;Cynamonowy&#8221; odcie\u0144<\/strong><\/h3>\n<p>&#8222;Cynamonowy&#8221; odcie\u0144 to doskona\u0142y wyb\u00f3r dla mi\u0142o\u015bnik\u00f3w stonowanych kolor\u00f3w. Ten ciep\u0142y br\u0105zowy odcie\u0144 nadaje stylizacjom przytulno\u015bci i elegancji. Mo\u017cesz go wykorzysta\u0107 w formie swetr\u00f3w, p\u0142aszczy czy dodatk\u00f3w, aby stworzy\u0107 wyj\u0105tkowo stylowe i harmonijne kombinacje.<\/p>\n<h3><strong>14. Odwa\u017cny &#8222;Fioletowy majestat&#8221;<\/strong><\/h3>\n<p>&#8222;Fioletowy majestat&#8221; to kolor pe\u0142en tajemniczo\u015bci i magii. Ten g\u0142\u0119boki odcie\u0144 fioletu nadaje stylizacjom odwa\u017cno\u015bci i indywidualno\u015bci. Mo\u017cesz go wykorzysta\u0107 w formie sukienek wieczorowych, bluzek czy dodatk\u00f3w, aby tworzy\u0107 efektowne i niezapomniane looki.<\/p>\n<h3><strong>15. Wyj\u0105tkowy &#8222;Z\u0142oty blask&#8221;<\/strong><\/h3>\n<p>W roku 2023 z\u0142oty kolor b\u0119dzie promieniowa\u0142 w modowych trendach. &#8222;Z\u0142oty blask&#8221; to odcie\u0144, kt\u00f3ry dodaje stylizacjom luksusu i elegancji. Mo\u017cesz go wykorzysta\u0107 w formie sukienek wieczorowych, akcesori\u00f3w czy nawet makija\u017cu, aby doda\u0107 swoim outfitom efektownego wyko\u0144czenia.<\/p>\n<h3><strong>16. \u015awie\u017cy &#8222;Mi\u0119towy oddech&#8221;<\/strong><\/h3>\n<p>&#8222;Mi\u0119towy oddech&#8221; to odcie\u0144, kt\u00f3ry przynosi \u015bwie\u017co\u015b\u0107 i lekko\u015b\u0107 do stylizacji. Ten pastelowy kolor nadaje si\u0119 idealnie do wiosennych i letnich look\u00f3w. Mo\u017cesz go wykorzysta\u0107 w postaci sukienek, bluzek czy dodatk\u00f3w, aby doda\u0107 swoim outfitom delikatnego i dziewcz\u0119cego charakteru.<\/p>\n<h3><strong>17. Energetyczny &#8222;Pomara\u0144czowy p\u0142omie\u0144&#8221;<\/strong><\/h3>\n<p>&#8222;Pomara\u0144czowy p\u0142omie\u0144&#8221; to odcie\u0144 pe\u0142en energii i pasji. Ten jaskrawy pomara\u0144cz nadaje stylizacjom dynamiki i wyrazisto\u015bci. Mo\u017cesz go wykorzysta\u0107 w formie spodni, koszul czy akcent\u00f3w, aby doda\u0107 swoim outfitom ognistego charakteru.<\/p>\n<h3><strong>18. Stylowy &#8222;Granatowy ocean&#8221;<\/strong><\/h3>\n<p>&#8222;Granatowy ocean&#8221; to elegancki odcie\u0144 niebieskiego, kt\u00f3ry b\u0119dzie kr\u00f3lowa\u0107 w modzie w 2023 roku. Ten g\u0142\u0119boki kolor nadaje stylizacjom wyrafinowania i klasy. Mo\u017cesz go wykorzysta\u0107 w formie garnitur\u00f3w, sukienek czy p\u0142aszczy, aby stworzy\u0107 ponadczasowe i szykowne zestawy.<\/p>\n<h3><strong>19. Delikatny &#8222;Lawendowy sen&#8221;<\/strong><\/h3>\n<p>&#8222;Lawendowy sen&#8221; to odcie\u0144, kt\u00f3ry kojarzy si\u0119 z delikatno\u015bci\u0105 i spokojem. Ten pastelowy kolor doskonale nadaje si\u0119 do romantycznych stylizacji. Mo\u017cesz go wykorzysta\u0107 w postaci sukienek, sp\u00f3dnic czy dodatk\u00f3w, aby doda\u0107 swoim outfitom subtelno\u015bci i kobiecego uroku.<\/p>\n<h3><strong>20. Oryginalny &#8222;Fuksjowy wyraz&#8221;<\/strong><\/h3>\n<p>Na koniec, niezwykle oryginalny odcie\u0144, kt\u00f3ry przyci\u0105ga uwag\u0119 swoj\u0105 intensywno\u015bci\u0105. &#8222;Fuksjowy wyraz&#8221; to odcie\u0144 r\u00f3\u017cu z domieszk\u0105 fioletu, kt\u00f3ry dodaje stylizacjom wyrazisto\u015bci i indywidualno\u015bci. Mo\u017cesz go wykorzysta\u0107 w formie sukienek, bluzek czy dodatk\u00f3w, aby tworzy\u0107 odwa\u017cne i efektowne looki.<\/p>\n<h2><strong>Jakie kolory b\u0119d\u0105 modne w 2023: Podsumowanie<\/strong><\/h2>\n<p>Rok 2023 przynosi ze sob\u0105 szerok\u0105 palet\u0119 modnych kolor\u00f3w, kt\u00f3re b\u0119d\u0105 rz\u0105dzi\u0107 \u015bwiatem mody. Od intensywnych odcieni po delikatne pastele, od eleganckich klasycznych kolor\u00f3w po odwa\u017cne i oryginalne kombinacje, jest mn\u00f3stwo mo\u017cliwo\u015bci, aby wyrazi\u0107 sw\u00f3j indywidualny styl.<\/p>\n<\/div>\n<\/div>\n<\/div>\n<\/div>\n<\/div>\n<\/div>\n<\/div>\n<\/div>\n<\/div>\n<div class=\"bottom-0 left-0 w-full border-t dark:border-white\/20 md:bg-vert-light-gradient bg-white dark:bg-gray-800 dark:md:bg-vert-dark-gradient pt-2\">\n<form class=\"stretch mx-2 flex flex-row gap-3 last:mb-2 md:mx-4 md:last:mb-6 lg:mx-auto lg:max-w-2xl xl:max-w-3xl\">\n<div class=\"relative flex h-full flex-1 items-stretch md:flex-col\">\n<div class=\"\">\n<div class=\"h-full flex ml-1 md:w-full md:m-auto md:mb-2 gap-0 md:gap-2 justify-center\">\n<p>Warto pami\u0119ta\u0107, \u017ce modowe trendy s\u0105 inspiracj\u0105, a nie sztywnymi regu\u0142ami. Najwa\u017cniejsze to wybiera\u0107 kolory, w kt\u00f3rych czujemy si\u0119 dobrze i kt\u00f3re pasuj\u0105 do naszej osobowo\u015bci. Niezale\u017cnie od tego, czy preferujemy intensywne odcienie czy delikatne pastele, wa\u017cne jest, aby nosi\u0107 kolory z pewno\u015bci\u0105 siebie i rado\u015bci\u0105.<\/p>\n<\/div>\n<\/div>\n<\/div>\n<\/form>\n<\/div>\n<\/div>\n<\/div>\n<\/div>\n<div class=\"flex justify-between lg:block\">\n<div class=\"text-gray-400 flex self-end lg:self-center justify-center mt-2 gap-2 md:gap-3 lg:gap-1 lg:absolute lg:top-0 lg:translate-x-full lg:right-0 lg:mt-0 lg:pl-2 visible\"><button class=\"flex ml-auto gap-2 rounded-md p-1 hover:bg-gray-100 hover:text-gray-700 dark:text-gray-400 dark:hover:bg-gray-700 dark:hover:text-gray-200 disabled:dark:hover:text-gray-400\"><\/button><\/p>\n<div class=\"flex gap-1\"><\/div>\n<\/div>\n<\/div>\n<\/div>\n<\/div>\n<\/div>\n<div class=\"group w-full text-gray-800 dark:text-gray-100 border-b border-black\/10 dark:border-gray-900\/50 dark:bg-gray-800\">\n<div class=\"flex p-4 gap-4 text-base md:gap-6 md:max-w-2xl lg:max-w-xl xl:max-w-3xl md:py-6 lg:px-0 m-auto\">\n<div class=\"flex-shrink-0 flex flex-col relative items-end\">\n<div class=\"w-[30px]\">\n<div class=\"relative flex\"><\/div>\n<\/div>\n<\/div>\n<\/div>\n<\/div>\n","protected":false},"excerpt":{"rendered":"<p>Witamy w roku 2023, pe\u0142nym \u015bwie\u017cych trend\u00f3w, nowo\u015bci i niezwyk\u0142ych odkry\u0107 w \u015bwiecie mody. Ka\u017cdy rok przynosi ze sob\u0105 nowe kolory, kt\u00f3re dominuj\u0105 na wybiegach, w kolekcjach znanych projektant\u00f3w oraz w ubraniach i akcesoriach dost\u0119pnych w sklepach. Je\u015bli zastanawiasz si\u0119, jakie kolory b\u0119d\u0105 modne w tym roku, jeste\u015b we w\u0142a\u015bciwym miejscu. Przygotowali\u015bmy dla Ciebie przegl\u0105d &hellip;<\/p>","protected":false},"author":4,"featured_media":27792,"comment_status":"closed","ping_status":"closed","sticky":false,"template":"","format":"standard","meta":{"_acf_changed":false,"_yoast_wpseo_focuskw":"Moda Kolory","_yoast_wpseo_title":"","_yoast_wpseo_metadesc":"Ciekawi\u0105 Ci\u0119 modne kolory na rok 2023? Odkryj najmodniejsze odcienie i dowiedz si\u0119, jak je wprowadzi\u0107 do swojej garderoby. Przekonaj si\u0119, jakie kolory b\u0119d\u0105 rz\u0105dzi\u0107 \u015bwiatem mody w nadchodz\u0105cym roku.","footnotes":""},"categories":[1],"tags":[],"class_list":["post-27791","post","type-post","status-publish","format-standard","has-post-thumbnail","hentry","category-wszystkie-wpisy"],"acf":[],"yoast_head":"<!-- This site is optimized with the Yoast SEO plugin v27.4 - https:\/\/yoast.com\/product\/yoast-seo-wordpress\/ -->\n<title>Jakie kolory b\u0119d\u0105 modne w 2023: Odkryj najmodniejsze odcienie roku - SHEZAMME<\/title>\n<meta name=\"description\" content=\"Ciekawi\u0105 Ci\u0119 modne kolory na rok 2023? Odkryj najmodniejsze odcienie i dowiedz si\u0119, jak je wprowadzi\u0107 do swojej garderoby. Przekonaj si\u0119, jakie kolory b\u0119d\u0105 rz\u0105dzi\u0107 \u015bwiatem mody w nadchodz\u0105cym roku.\" \/>\n<meta name=\"robots\" content=\"index, follow, max-snippet:-1, max-image-preview:large, max-video-preview:-1\" \/>\n<link rel=\"canonical\" href=\"https:\/\/shezamme.com\/en\/blog\/jakie-kolory-beda-modne-w-2023-odkryj-najmodniejsze-odcienie-roku\/\" \/>\n<meta property=\"og:locale\" content=\"en_US\" \/>\n<meta property=\"og:type\" content=\"article\" \/>\n<meta property=\"og:title\" content=\"Jakie kolory b\u0119d\u0105 modne w 2023: Odkryj najmodniejsze odcienie roku - SHEZAMME\" \/>\n<meta property=\"og:description\" content=\"Ciekawi\u0105 Ci\u0119 modne kolory na rok 2023? Odkryj najmodniejsze odcienie i dowiedz si\u0119, jak je wprowadzi\u0107 do swojej garderoby. Przekonaj si\u0119, jakie kolory b\u0119d\u0105 rz\u0105dzi\u0107 \u015bwiatem mody w nadchodz\u0105cym roku.\" \/>\n<meta property=\"og:url\" content=\"https:\/\/shezamme.com\/en\/blog\/jakie-kolory-beda-modne-w-2023-odkryj-najmodniejsze-odcienie-roku\/\" \/>\n<meta property=\"og:site_name\" content=\"SHEZAMME - Yeezy, Jordan, Supreme i inne oryginalne rzeczy\" \/>\n<meta property=\"article:publisher\" content=\"https:\/\/www.facebook.com\/SHEZAMME\/\" \/>\n<meta property=\"article:published_time\" content=\"2023-05-11T09:06:59+00:00\" \/>\n<meta property=\"article:modified_time\" content=\"2023-05-11T09:15:29+00:00\" \/>\n<meta property=\"og:image\" content=\"https:\/\/shezamme.com\/wp-content\/uploads\/2023\/05\/IMG_0002.jpg\" \/>\n\t<meta property=\"og:image:width\" content=\"420\" \/>\n\t<meta property=\"og:image:height\" content=\"310\" \/>\n\t<meta property=\"og:image:type\" content=\"image\/jpeg\" \/>\n<meta name=\"author\" content=\"shezamme\" \/>\n<meta name=\"twitter:card\" content=\"summary_large_image\" \/>\n<meta name=\"twitter:creator\" content=\"@SHEZAMME\" \/>\n<meta name=\"twitter:site\" content=\"@SHEZAMME\" \/>\n<meta name=\"twitter:label1\" content=\"Written by\" \/>\n\t<meta name=\"twitter:data1\" content=\"shezamme\" \/>\n\t<meta name=\"twitter:label2\" content=\"Est. reading time\" \/>\n\t<meta name=\"twitter:data2\" content=\"7 minutes\" \/>\n<script type=\"application\/ld+json\" class=\"yoast-schema-graph\">{\"@context\":\"https:\\\/\\\/schema.org\",\"@graph\":[{\"@type\":\"Article\",\"@id\":\"https:\\\/\\\/shezamme.com\\\/blog\\\/jakie-kolory-beda-modne-w-2023-odkryj-najmodniejsze-odcienie-roku\\\/#article\",\"isPartOf\":{\"@id\":\"https:\\\/\\\/shezamme.com\\\/blog\\\/jakie-kolory-beda-modne-w-2023-odkryj-najmodniejsze-odcienie-roku\\\/\"},\"author\":{\"name\":\"shezamme\",\"@id\":\"https:\\\/\\\/shezamme.com\\\/#\\\/schema\\\/person\\\/fa409809f900cc421b57d7b9524e1a34\"},\"headline\":\"Jakie kolory b\u0119d\u0105 modne w 2023: Odkryj najmodniejsze odcienie roku\",\"datePublished\":\"2023-05-11T09:06:59+00:00\",\"dateModified\":\"2023-05-11T09:15:29+00:00\",\"mainEntityOfPage\":{\"@id\":\"https:\\\/\\\/shezamme.com\\\/blog\\\/jakie-kolory-beda-modne-w-2023-odkryj-najmodniejsze-odcienie-roku\\\/\"},\"wordCount\":1344,\"publisher\":{\"@id\":\"https:\\\/\\\/shezamme.com\\\/#organization\"},\"image\":{\"@id\":\"https:\\\/\\\/shezamme.com\\\/blog\\\/jakie-kolory-beda-modne-w-2023-odkryj-najmodniejsze-odcienie-roku\\\/#primaryimage\"},\"thumbnailUrl\":\"https:\\\/\\\/shezamme.com\\\/wp-content\\\/uploads\\\/2023\\\/05\\\/IMG_0002.jpg\",\"articleSection\":[\"Wszystkie wpisy\"],\"inLanguage\":\"en-US\"},{\"@type\":\"WebPage\",\"@id\":\"https:\\\/\\\/shezamme.com\\\/blog\\\/jakie-kolory-beda-modne-w-2023-odkryj-najmodniejsze-odcienie-roku\\\/\",\"url\":\"https:\\\/\\\/shezamme.com\\\/blog\\\/jakie-kolory-beda-modne-w-2023-odkryj-najmodniejsze-odcienie-roku\\\/\",\"name\":\"Jakie kolory b\u0119d\u0105 modne w 2023: Odkryj najmodniejsze odcienie roku - SHEZAMME\",\"isPartOf\":{\"@id\":\"https:\\\/\\\/shezamme.com\\\/#website\"},\"primaryImageOfPage\":{\"@id\":\"https:\\\/\\\/shezamme.com\\\/blog\\\/jakie-kolory-beda-modne-w-2023-odkryj-najmodniejsze-odcienie-roku\\\/#primaryimage\"},\"image\":{\"@id\":\"https:\\\/\\\/shezamme.com\\\/blog\\\/jakie-kolory-beda-modne-w-2023-odkryj-najmodniejsze-odcienie-roku\\\/#primaryimage\"},\"thumbnailUrl\":\"https:\\\/\\\/shezamme.com\\\/wp-content\\\/uploads\\\/2023\\\/05\\\/IMG_0002.jpg\",\"datePublished\":\"2023-05-11T09:06:59+00:00\",\"dateModified\":\"2023-05-11T09:15:29+00:00\",\"description\":\"Ciekawi\u0105 Ci\u0119 modne kolory na rok 2023? Odkryj najmodniejsze odcienie i dowiedz si\u0119, jak je wprowadzi\u0107 do swojej garderoby. Przekonaj si\u0119, jakie kolory b\u0119d\u0105 rz\u0105dzi\u0107 \u015bwiatem mody w nadchodz\u0105cym roku.\",\"breadcrumb\":{\"@id\":\"https:\\\/\\\/shezamme.com\\\/blog\\\/jakie-kolory-beda-modne-w-2023-odkryj-najmodniejsze-odcienie-roku\\\/#breadcrumb\"},\"inLanguage\":\"en-US\",\"potentialAction\":[{\"@type\":\"ReadAction\",\"target\":[\"https:\\\/\\\/shezamme.com\\\/blog\\\/jakie-kolory-beda-modne-w-2023-odkryj-najmodniejsze-odcienie-roku\\\/\"]}]},{\"@type\":\"ImageObject\",\"inLanguage\":\"en-US\",\"@id\":\"https:\\\/\\\/shezamme.com\\\/blog\\\/jakie-kolory-beda-modne-w-2023-odkryj-najmodniejsze-odcienie-roku\\\/#primaryimage\",\"url\":\"https:\\\/\\\/shezamme.com\\\/wp-content\\\/uploads\\\/2023\\\/05\\\/IMG_0002.jpg\",\"contentUrl\":\"https:\\\/\\\/shezamme.com\\\/wp-content\\\/uploads\\\/2023\\\/05\\\/IMG_0002.jpg\",\"width\":420,\"height\":310,\"caption\":\"Jakie kolory b\u0119d\u0105 modne w 2023: Odkryj najmodniejsze odcienie roku\"},{\"@type\":\"BreadcrumbList\",\"@id\":\"https:\\\/\\\/shezamme.com\\\/blog\\\/jakie-kolory-beda-modne-w-2023-odkryj-najmodniejsze-odcienie-roku\\\/#breadcrumb\",\"itemListElement\":[{\"@type\":\"ListItem\",\"position\":1,\"name\":\"Strona g\u0142\u00f3wna\",\"item\":\"https:\\\/\\\/shezamme.com\\\/\"},{\"@type\":\"ListItem\",\"position\":2,\"name\":\"Jakie kolory b\u0119d\u0105 modne w 2023: Odkryj najmodniejsze odcienie roku\"}]},{\"@type\":\"WebSite\",\"@id\":\"https:\\\/\\\/shezamme.com\\\/#website\",\"url\":\"https:\\\/\\\/shezamme.com\\\/\",\"name\":\"SHEZAMME - Sneakersy, Streetwear i luksusowe marki\",\"description\":\"Oryginalne i ekskluzywne przedmioty w jednym miejscu. Sprawd\u017a nasze produkty ju\u017c teraz i b\u0105d\u017a na bie\u017c\u0105co z wszystkimi premierami.\",\"publisher\":{\"@id\":\"https:\\\/\\\/shezamme.com\\\/#organization\"},\"potentialAction\":[{\"@type\":\"SearchAction\",\"target\":{\"@type\":\"EntryPoint\",\"urlTemplate\":\"https:\\\/\\\/shezamme.com\\\/?s={search_term_string}\"},\"query-input\":{\"@type\":\"PropertyValueSpecification\",\"valueRequired\":true,\"valueName\":\"search_term_string\"}}],\"inLanguage\":\"en-US\"},{\"@type\":\"Organization\",\"@id\":\"https:\\\/\\\/shezamme.com\\\/#organization\",\"name\":\"SHEZAMME - Sneakersy, Streetwear i luksusowe marki\",\"url\":\"https:\\\/\\\/shezamme.com\\\/\",\"logo\":{\"@type\":\"ImageObject\",\"inLanguage\":\"en-US\",\"@id\":\"https:\\\/\\\/shezamme.com\\\/#\\\/schema\\\/logo\\\/image\\\/\",\"url\":\"https:\\\/\\\/shezamme.com\\\/wp-content\\\/uploads\\\/2023\\\/02\\\/0x0.png\",\"contentUrl\":\"https:\\\/\\\/shezamme.com\\\/wp-content\\\/uploads\\\/2023\\\/02\\\/0x0.png\",\"width\":2000,\"height\":2000,\"caption\":\"SHEZAMME - Sneakersy, Streetwear i luksusowe marki\"},\"image\":{\"@id\":\"https:\\\/\\\/shezamme.com\\\/#\\\/schema\\\/logo\\\/image\\\/\"},\"sameAs\":[\"https:\\\/\\\/www.facebook.com\\\/SHEZAMME\\\/\",\"https:\\\/\\\/x.com\\\/SHEZAMME\",\"https:\\\/\\\/www.instagram.com\\\/shezamme\\\/\",\"https:\\\/\\\/www.youtube.com\\\/channel\\\/UCsTJxi_9fODHdO_1bmJbqvQ\",\"https:\\\/\\\/www.tiktok.com\\\/shezamme.com\"]},{\"@type\":\"Person\",\"@id\":\"https:\\\/\\\/shezamme.com\\\/#\\\/schema\\\/person\\\/fa409809f900cc421b57d7b9524e1a34\",\"name\":\"shezamme\",\"sameAs\":[\"https:\\\/\\\/shezamme.com\\\/\"],\"url\":\"https:\\\/\\\/shezamme.com\\\/en\\\/blog\\\/author\\\/admin\\\/\"}]}<\/script>\n<!-- \/ Yoast SEO plugin. -->","yoast_head_json":{"title":"Jakie kolory b\u0119d\u0105 modne w 2023: Odkryj najmodniejsze odcienie roku - SHEZAMME","description":"Ciekawi\u0105 Ci\u0119 modne kolory na rok 2023? Odkryj najmodniejsze odcienie i dowiedz si\u0119, jak je wprowadzi\u0107 do swojej garderoby. Przekonaj si\u0119, jakie kolory b\u0119d\u0105 rz\u0105dzi\u0107 \u015bwiatem mody w nadchodz\u0105cym roku.","robots":{"index":"index","follow":"follow","max-snippet":"max-snippet:-1","max-image-preview":"max-image-preview:large","max-video-preview":"max-video-preview:-1"},"canonical":"https:\/\/shezamme.com\/en\/blog\/jakie-kolory-beda-modne-w-2023-odkryj-najmodniejsze-odcienie-roku\/","og_locale":"en_US","og_type":"article","og_title":"Jakie kolory b\u0119d\u0105 modne w 2023: Odkryj najmodniejsze odcienie roku - SHEZAMME","og_description":"Ciekawi\u0105 Ci\u0119 modne kolory na rok 2023? Odkryj najmodniejsze odcienie i dowiedz si\u0119, jak je wprowadzi\u0107 do swojej garderoby. Przekonaj si\u0119, jakie kolory b\u0119d\u0105 rz\u0105dzi\u0107 \u015bwiatem mody w nadchodz\u0105cym roku.","og_url":"https:\/\/shezamme.com\/en\/blog\/jakie-kolory-beda-modne-w-2023-odkryj-najmodniejsze-odcienie-roku\/","og_site_name":"SHEZAMME - Yeezy, Jordan, Supreme i inne oryginalne rzeczy","article_publisher":"https:\/\/www.facebook.com\/SHEZAMME\/","article_published_time":"2023-05-11T09:06:59+00:00","article_modified_time":"2023-05-11T09:15:29+00:00","og_image":[{"width":420,"height":310,"url":"https:\/\/shezamme.com\/wp-content\/uploads\/2023\/05\/IMG_0002.jpg","type":"image\/jpeg"}],"author":"shezamme","twitter_card":"summary_large_image","twitter_creator":"@SHEZAMME","twitter_site":"@SHEZAMME","twitter_misc":{"Written by":"shezamme","Est. reading time":"7 minutes"},"schema":{"@context":"https:\/\/schema.org","@graph":[{"@type":"Article","@id":"https:\/\/shezamme.com\/blog\/jakie-kolory-beda-modne-w-2023-odkryj-najmodniejsze-odcienie-roku\/#article","isPartOf":{"@id":"https:\/\/shezamme.com\/blog\/jakie-kolory-beda-modne-w-2023-odkryj-najmodniejsze-odcienie-roku\/"},"author":{"name":"shezamme","@id":"https:\/\/shezamme.com\/#\/schema\/person\/fa409809f900cc421b57d7b9524e1a34"},"headline":"Jakie kolory b\u0119d\u0105 modne w 2023: Odkryj najmodniejsze odcienie roku","datePublished":"2023-05-11T09:06:59+00:00","dateModified":"2023-05-11T09:15:29+00:00","mainEntityOfPage":{"@id":"https:\/\/shezamme.com\/blog\/jakie-kolory-beda-modne-w-2023-odkryj-najmodniejsze-odcienie-roku\/"},"wordCount":1344,"publisher":{"@id":"https:\/\/shezamme.com\/#organization"},"image":{"@id":"https:\/\/shezamme.com\/blog\/jakie-kolory-beda-modne-w-2023-odkryj-najmodniejsze-odcienie-roku\/#primaryimage"},"thumbnailUrl":"https:\/\/shezamme.com\/wp-content\/uploads\/2023\/05\/IMG_0002.jpg","articleSection":["Wszystkie wpisy"],"inLanguage":"en-US"},{"@type":"WebPage","@id":"https:\/\/shezamme.com\/blog\/jakie-kolory-beda-modne-w-2023-odkryj-najmodniejsze-odcienie-roku\/","url":"https:\/\/shezamme.com\/blog\/jakie-kolory-beda-modne-w-2023-odkryj-najmodniejsze-odcienie-roku\/","name":"Jakie kolory b\u0119d\u0105 modne w 2023: Odkryj najmodniejsze odcienie roku - SHEZAMME","isPartOf":{"@id":"https:\/\/shezamme.com\/#website"},"primaryImageOfPage":{"@id":"https:\/\/shezamme.com\/blog\/jakie-kolory-beda-modne-w-2023-odkryj-najmodniejsze-odcienie-roku\/#primaryimage"},"image":{"@id":"https:\/\/shezamme.com\/blog\/jakie-kolory-beda-modne-w-2023-odkryj-najmodniejsze-odcienie-roku\/#primaryimage"},"thumbnailUrl":"https:\/\/shezamme.com\/wp-content\/uploads\/2023\/05\/IMG_0002.jpg","datePublished":"2023-05-11T09:06:59+00:00","dateModified":"2023-05-11T09:15:29+00:00","description":"Ciekawi\u0105 Ci\u0119 modne kolory na rok 2023? Odkryj najmodniejsze odcienie i dowiedz si\u0119, jak je wprowadzi\u0107 do swojej garderoby. Przekonaj si\u0119, jakie kolory b\u0119d\u0105 rz\u0105dzi\u0107 \u015bwiatem mody w nadchodz\u0105cym roku.","breadcrumb":{"@id":"https:\/\/shezamme.com\/blog\/jakie-kolory-beda-modne-w-2023-odkryj-najmodniejsze-odcienie-roku\/#breadcrumb"},"inLanguage":"en-US","potentialAction":[{"@type":"ReadAction","target":["https:\/\/shezamme.com\/blog\/jakie-kolory-beda-modne-w-2023-odkryj-najmodniejsze-odcienie-roku\/"]}]},{"@type":"ImageObject","inLanguage":"en-US","@id":"https:\/\/shezamme.com\/blog\/jakie-kolory-beda-modne-w-2023-odkryj-najmodniejsze-odcienie-roku\/#primaryimage","url":"https:\/\/shezamme.com\/wp-content\/uploads\/2023\/05\/IMG_0002.jpg","contentUrl":"https:\/\/shezamme.com\/wp-content\/uploads\/2023\/05\/IMG_0002.jpg","width":420,"height":310,"caption":"Jakie kolory b\u0119d\u0105 modne w 2023: Odkryj najmodniejsze odcienie roku"},{"@type":"BreadcrumbList","@id":"https:\/\/shezamme.com\/blog\/jakie-kolory-beda-modne-w-2023-odkryj-najmodniejsze-odcienie-roku\/#breadcrumb","itemListElement":[{"@type":"ListItem","position":1,"name":"Strona g\u0142\u00f3wna","item":"https:\/\/shezamme.com\/"},{"@type":"ListItem","position":2,"name":"Jakie kolory b\u0119d\u0105 modne w 2023: Odkryj najmodniejsze odcienie roku"}]},{"@type":"WebSite","@id":"https:\/\/shezamme.com\/#website","url":"https:\/\/shezamme.com\/","name":"SHEZAMME - Sneakers, Streetwear and luxury brands","description":"Original and exclusive items in one place. Check out our products now and stay up to date with all launches.","publisher":{"@id":"https:\/\/shezamme.com\/#organization"},"potentialAction":[{"@type":"SearchAction","target":{"@type":"EntryPoint","urlTemplate":"https:\/\/shezamme.com\/?s={search_term_string}"},"query-input":{"@type":"PropertyValueSpecification","valueRequired":true,"valueName":"search_term_string"}}],"inLanguage":"en-US"},{"@type":"Organization","@id":"https:\/\/shezamme.com\/#organization","name":"SHEZAMME - Sneakers, Streetwear and luxury brands","url":"https:\/\/shezamme.com\/","logo":{"@type":"ImageObject","inLanguage":"en-US","@id":"https:\/\/shezamme.com\/#\/schema\/logo\/image\/","url":"https:\/\/shezamme.com\/wp-content\/uploads\/2023\/02\/0x0.png","contentUrl":"https:\/\/shezamme.com\/wp-content\/uploads\/2023\/02\/0x0.png","width":2000,"height":2000,"caption":"SHEZAMME - Sneakersy, Streetwear i luksusowe marki"},"image":{"@id":"https:\/\/shezamme.com\/#\/schema\/logo\/image\/"},"sameAs":["https:\/\/www.facebook.com\/SHEZAMME\/","https:\/\/x.com\/SHEZAMME","https:\/\/www.instagram.com\/shezamme\/","https:\/\/www.youtube.com\/channel\/UCsTJxi_9fODHdO_1bmJbqvQ","https:\/\/www.tiktok.com\/shezamme.com"]},{"@type":"Person","@id":"https:\/\/shezamme.com\/#\/schema\/person\/fa409809f900cc421b57d7b9524e1a34","name":"shezamme","sameAs":["https:\/\/shezamme.com\/"],"url":"https:\/\/shezamme.com\/en\/blog\/author\/admin\/"}]}},"_links":{"self":[{"href":"https:\/\/shezamme.com\/en\/wp-json\/wp\/v2\/posts\/27791","targetHints":{"allow":["GET"]}}],"collection":[{"href":"https:\/\/shezamme.com\/en\/wp-json\/wp\/v2\/posts"}],"about":[{"href":"https:\/\/shezamme.com\/en\/wp-json\/wp\/v2\/types\/post"}],"author":[{"embeddable":true,"href":"https:\/\/shezamme.com\/en\/wp-json\/wp\/v2\/users\/4"}],"replies":[{"embeddable":true,"href":"https:\/\/shezamme.com\/en\/wp-json\/wp\/v2\/comments?post=27791"}],"version-history":[{"count":0,"href":"https:\/\/shezamme.com\/en\/wp-json\/wp\/v2\/posts\/27791\/revisions"}],"wp:featuredmedia":[{"embeddable":true,"href":"https:\/\/shezamme.com\/en\/wp-json\/wp\/v2\/media\/27792"}],"wp:attachment":[{"href":"https:\/\/shezamme.com\/en\/wp-json\/wp\/v2\/media?parent=27791"}],"wp:term":[{"taxonomy":"category","embeddable":true,"href":"https:\/\/shezamme.com\/en\/wp-json\/wp\/v2\/categories?post=27791"},{"taxonomy":"post_tag","embeddable":true,"href":"https:\/\/shezamme.com\/en\/wp-json\/wp\/v2\/tags?post=27791"}],"curies":[{"name":"wp","href":"https:\/\/api.w.org\/{rel}","templated":true}]}}